{"id":261,"date":"2025-09-17T16:35:05","date_gmt":"2025-09-17T16:35:05","guid":{"rendered":"https:\/\/caleidosdev.com.br\/junto\/?p=261"},"modified":"2025-09-19T15:54:38","modified_gmt":"2025-09-19T15:54:38","slug":"bem-na-rede-competicao-para-o-uso-saudavel-da-tecnologia","status":"publish","type":"post","link":"https:\/\/caleidosdev.com.br\/junto\/pt\/bem-na-rede-competicao-para-o-uso-saudavel-da-tecnologia\/","title":{"rendered":"Bem na Rede: Competi\u00e7\u00e3o para o Uso Saud\u00e1vel da Tecnologia!"},"content":{"rendered":"<p>Voc\u00ea tem entre 16 e 20 anos e quer usar sua criatividade para transformar a vida de outros jovens? <strong>Ent\u00e3o esta \u00e9 a sua chance!<\/strong><\/p>\n<p>O desafio \u00e9 simples, mas cheio de impacto: criar um site curto e direto, pensado para ser usado por um jovem uma \u00fanica vez e em apenas 10 minutos, capaz de deixar uma marca positiva na vida de quem participa.<\/p>\n<p><strong>N\u00e3o precisa ser um especialista em tecnologia e nem psic\u00f3logo!<\/strong> N\u00f3s vamos te explicar tudo, passo a passo, para que voc\u00ea possa colocar no ar sua ideia, do seu jeito, com a sua linguagem, voltada para outros jovens do Brasil.<\/p>\n<p>E tem mais: as melhores ideias ganhar\u00e3o <strong>pr\u00eamios em dinheiro ou vale presente de at\u00e9 R$ 5 mil<\/strong>, al\u00e9m do reconhecimento nacional e internacional, e da chance de ver sua cria\u00e7\u00e3o ajudando jovens de todo o pa\u00eds.<\/p>\n<p>Ter controle sobre o tempo que passamos online \u00e9 super importante porque a tecnologia faz parte da nossa vida em tudo \u2014 nos estudos, no trabalho, nas amizades e at\u00e9 no lazer. Quando a gente encontra um equil\u00edbrio, sobra mais espa\u00e7o para cuidar da sa\u00fade mental, ter rela\u00e7\u00f5es mais verdadeiras e aproveitar melhor os momentos fora da tela. \u00c9 isso que ajuda a usar a internet de forma mais criativa, segura e positiva, sem deixar que ela controle a gente.<\/p>\n<p>O futuro digital pode ser mais saud\u00e1vel, criativo e humano. E ele pode come\u00e7ar com voc\u00ea!<\/p>\n<p>A Competi\u00e7\u00e3o \u00e9 uma parceria entre o <strong>Junt\u00f4<\/strong> \u2013 programa brasileiro lan\u00e7ado pelo Centro Global da Funda\u00e7\u00e3o Stavros Niarchos (SNF) no Child Mind Institute \u2013 e o <strong>Instituto Felipe Neto<\/strong>.<\/p>\n<h3>Sobre a Competi\u00e7\u00e3o<\/h3>\n<p>A Competi\u00e7\u00e3o convida <strong>jovens de 16 a 20 anos<\/strong> a criarem um site curto e simples com o objetivo de ajudar outros jovens da mesma idade a desenvolverem h\u00e1bitos digitais mais saud\u00e1veis.<\/p>\n<p>O desafio desta primeira edi\u00e7\u00e3o \u00e9 criar ideias que ajudem crian\u00e7as e adolescentes a usarem a tecnologia de um jeito mais seguro e positivo. O que voc\u00ea pode trabalhar:<\/p>\n<ul>\n<li>Fortalecer <strong>autoconfian\u00e7a e percep\u00e7\u00e3o de controle<\/strong> sobre o uso da tecnologia.<\/li>\n<li>Promover <strong>equil\u00edbrio entre vida digital e offline<\/strong>.<\/li>\n<li>Estimular <strong>momentos de desconex\u00e3o consciente<\/strong>.<\/li>\n<li>Considerar <strong>diversas realidades brasileiras<\/strong> (urbanas, rurais, comunidades ind\u00edgenas, quilombolas, ribeirinhas, favelas, periferias).<\/li>\n<\/ul>\n<p><strong>Dica<\/strong>: Quanto mais voc\u00ea conectar a ideia \u00e0 realidade dos jovens no Brasil, mais relevante ser\u00e1 sua interven\u00e7\u00e3o.<\/p>\n<h3>Quem pode participar?<\/h3>\n<p>\u25cf <strong>jovens entre 16 a 20 anos<\/strong> que morem no Brasil.<br \/>\n\u25cf inscri\u00e7\u00f5es <strong>individuais, em dupla ou em grupo<\/strong> de no m\u00e1ximo 3 pessoas.<\/p>\n<p>Aten\u00e7\u00e3o! <strong>Voc\u00ea s\u00f3 pode se inscrever uma \u00fanica vez, ok?<\/strong><\/p>\n<h3>Como participar?<\/h3>\n<p>Al\u00e9m de uma ficha de inscri\u00e7\u00e3o, voc\u00ea vai mandar tr\u00eas coisas simples:<\/p>\n<ol>\n<li>Um texto contando sua ideia (at\u00e9 2 p\u00e1ginas).<\/li>\n<li>O link da sua interven\u00e7\u00e3o pronta no Curious.<\/li>\n<li>Um v\u00eddeo ou apresenta\u00e7\u00e3o mostrando o passo a passo (at\u00e9 10 minutos).<\/li>\n<\/ol>\n<p><strong>Capricha<\/strong> \u2014 \u00e9 com isso que sua proposta vai ser avaliada!<\/p>\n<h3>Como eu crio um site\/programa?<\/h3>\n<p><strong>Calma, voc\u00ea n\u00e3o precisa ser um programador para participar dessa competi\u00e7\u00e3o!<\/strong>\u00a0Voc\u00ea vai poder montar o seu site usando uma ferramenta simples, parecida com um editor de formul\u00e1rios ou apresenta\u00e7\u00f5es, onde d\u00e1 para inserir perguntas, textos, v\u00eddeos e imagens. O produto final ser\u00e1 um tipo de passo a passo, no qual o usu\u00e1rio vai entrar e responder perguntas, ver alguns v\u00eddeos e fotos, que provoquem a reflex\u00e3o ou a\u00e7\u00e3o de forma positiva, e quem vai montar esse passo a passo \u00e9 voc\u00ea. Aqui est\u00e1 <a href=\"https:\/\/web.gettingcurious.com\/public\/580a0573-5350-4555-b492-14165ec0688a\" target=\"_blank\" rel=\"noopener\">um exemplo<\/a> de um projeto desse tipo.<\/p>\n<p><strong>Tudo intuitivo, sem c\u00f3digo e sem complica\u00e7\u00e3o, tranquilo demais!<\/strong><\/p>\n<h3>Como ser\u00e1 feita a sele\u00e7\u00e3o?<\/h3>\n<p>Sua interven\u00e7\u00e3o ser\u00e1 avaliada por:<\/p>\n<ol>\n<li>Clareza e Objetividade \u2013 ideia f\u00e1cil de entender Alinhamento \u2013 contribui para consci\u00eancia, controle e confian\u00e7a digital<\/li>\n<li>Originalidade e Criatividade Visual \u2013 solu\u00e7\u00e3o inovadora e relevante<\/li>\n<li>Viabilidade e Aplicabilidade \u2013 funciona na pr\u00e1tica e em diferentes realidades<\/li>\n<li>Impacto Potencial \u2013 gera mudan\u00e7as reais na vida dos jovens<\/li>\n<li>Linguagem Acess\u00edvel e Inclusiva \u2013 f\u00e1cil de ler e respeitosa<\/li>\n<li>Execu\u00e7\u00e3o no Curious \u2013 funciona bem na plataforma<\/li>\n<\/ol>\n<h3>Cronograma<\/h3>\n<p><strong>Inscri\u00e7\u00f5es abertas<\/strong>: 23 de setembro de 2025<br \/>\n<strong>Prazo final de submiss\u00e3o<\/strong>: 31 de dezembro de 2025<br \/>\n<strong>An\u00e1lise das candidaturas<\/strong>: entre janeiro e mar\u00e7o de 2026<br \/>\n<strong>An\u00fancio dos vencedores<\/strong>: mar\u00e7o de 2026<\/p>\n<p><strong>Inscreva-se para receber o Manual Completo da Competi\u00e7\u00e3o diretamente no seu e-mail.<\/strong><\/p>\n<p>Basta colocar seu endere\u00e7o abaixo e pronto! Voc\u00ea j\u00e1 garante acesso a todas as instru\u00e7\u00f5es e documentos para participar.<\/p>\n<div class=\"box-competicao\">\n\n<!-- <div class=\"box-pendente\">\n\t<\/div> -->\n\n\n\n<div class=\"box-enviado\">\n\t\n\t<div class=\"campo-centraliza\">\n\t\t<div class=\"botao laranja-nc js-abre-modalcomp\">Acessar Manual Completo da Competi\u00e7\u00e3o<\/div>\n\t<\/div>\n<\/div>\n\n<\/div>\n\n<div class=\"fundo-modal\" id=\"modal-manual\">\n\t<div class=\"modal modal-manual\">\n\t\t<h2><\/h2>\n\t\t\t\t<ul>\n\t\t\t\t\t<\/ul>\n\t\t<a href=\"\" class=\"fecha-modal js-fechar-modal\"><svg width=\"23\" height=\"23\" viewBox=\"0 0 23 23\" fill=\"none\" xmlns=\"http:\/\/www.w3.org\/2000\/svg\">\n<path d=\"M22.2747 13.0714H12.8461V22.5H9.70323V13.0714H0.274658V9.92857H9.70323V0.5H12.8461V9.92857H22.2747V13.0714Z\"\/>\n<\/svg>\n<\/a>\n\t<\/div>\n<\/div>\n","protected":false},"excerpt":{"rendered":"Voc\u00ea tem entre 16 e 20 anos e quer usar sua criatividade para transformar a vida de outros jovens? Ent\u00e3o esta \u00e9 a sua chance! O desafio \u00e9 simples, mas cheio de impacto: criar um site curto e direto, pensado para ser usado por um jovem uma \u00fanica vez e em apenas 10 minutos, capaz [&hellip;]","protected":false},"author":1,"featured_media":257,"comment_status":"open","ping_status":"open","sticky":false,"template":"","format":"standard","meta":{"_acf_changed":false,"inline_featured_image":false,"footnotes":""},"categories":[23],"tags":[],"class_list":["post-261","post","type-post","status-publish","format-standard","has-post-thumbnail","hentry","category-press-releases-pt"],"acf":[],"_links":{"self":[{"href":"https:\/\/caleidosdev.com.br\/junto\/wp-json\/wp\/v2\/posts\/261","targetHints":{"allow":["GET"]}}],"collection":[{"href":"https:\/\/caleidosdev.com.br\/junto\/wp-json\/wp\/v2\/posts"}],"about":[{"href":"https:\/\/caleidosdev.com.br\/junto\/wp-json\/wp\/v2\/types\/post"}],"author":[{"embeddable":true,"href":"https:\/\/caleidosdev.com.br\/junto\/wp-json\/wp\/v2\/users\/1"}],"replies":[{"embeddable":true,"href":"https:\/\/caleidosdev.com.br\/junto\/wp-json\/wp\/v2\/comments?post=261"}],"version-history":[{"count":5,"href":"https:\/\/caleidosdev.com.br\/junto\/wp-json\/wp\/v2\/posts\/261\/revisions"}],"predecessor-version":[{"id":269,"href":"https:\/\/caleidosdev.com.br\/junto\/wp-json\/wp\/v2\/posts\/261\/revisions\/269"}],"wp:featuredmedia":[{"embeddable":true,"href":"https:\/\/caleidosdev.com.br\/junto\/wp-json\/wp\/v2\/media\/257"}],"wp:attachment":[{"href":"https:\/\/caleidosdev.com.br\/junto\/wp-json\/wp\/v2\/media?parent=261"}],"wp:term":[{"taxonomy":"category","embeddable":true,"href":"https:\/\/caleidosdev.com.br\/junto\/wp-json\/wp\/v2\/categories?post=261"},{"taxonomy":"post_tag","embeddable":true,"href":"https:\/\/caleidosdev.com.br\/junto\/wp-json\/wp\/v2\/tags?post=261"}],"curies":[{"name":"wp","href":"https:\/\/api.w.org\/{rel}","templated":true}]}}