{"id":236,"date":"2025-09-08T13:46:39","date_gmt":"2025-09-08T13:46:39","guid":{"rendered":"https:\/\/caleidosdev.com.br\/junto\/?p=236"},"modified":"2025-09-08T13:46:39","modified_gmt":"2025-09-08T13:46:39","slug":"nossas-vozes-jovens-brasileiros-compartilham-historias-de-combate-ao-estigma-autoexpressao-e-criacao-de-espacos-seguros-nas-escolas","status":"publish","type":"post","link":"https:\/\/caleidosdev.com.br\/junto\/pt\/nossas-vozes-jovens-brasileiros-compartilham-historias-de-combate-ao-estigma-autoexpressao-e-criacao-de-espacos-seguros-nas-escolas\/","title":{"rendered":"Nossas Vozes: jovens brasileiros compartilham hist\u00f3rias de combate ao estigma, autoexpress\u00e3o e cria\u00e7\u00e3o de espa\u00e7os seguros nas escolas"},"content":{"rendered":"<p>Neste blog, voc\u00ea conhecer\u00e1 alguns dos jovens inspiradores com quem trabalhamos. Por meio de suas vozes e hist\u00f3rias, eles mostram como a lideran\u00e7a juvenil pode gerar mudan\u00e7as significativas e ajudar a construir um futuro em que o cuidado em sa\u00fade mental seja acess\u00edvel a todos.<\/p>\n<h2>Giulia<\/h2>\n<p>\u201cS\u00e3o sempre os adultos que definem tudo em nossas vidas. As escolas s\u00e3o projetadas por adultos, muitas vezes sem pensar diretamente nas nossas necessidades. Por isso, acredito que a representa\u00e7\u00e3o \u00e9 crucial. Jovens falando sobre jovens \u00e9 uma quest\u00e3o de entendimento. Precisamos ter espa\u00e7o para expressar nossas reais necessidades, em vez de v\u00ea-las ditadas por outros \u2014 porque, se forem simplesmente impostas, podem acabar n\u00e3o sendo atendidas de fato. Ter voz nas escolas e ao longo da adolesc\u00eancia, em qualquer ambiente social, \u00e9 extremamente importante para nos sentirmos valorizados e para que nossas necessidades sejam realmente consideradas.<\/p>\n<p>Acredito que um dos maiores desafios para os jovens hoje \u00e9 a quest\u00e3o da identidade. Identificar-se com um grupo, um espa\u00e7o ou com pessoas \u00e9 um tema que, na minha realidade e pelo que observo, \u00e9 muito relevante. Vejo isso muito no ambiente escolar, na minha vida social e tamb\u00e9m na minha fam\u00edlia. Poder se identificar com algo e dizer \u2018fa\u00e7o parte disso\u2019 ou \u2018me reconhe\u00e7o nisso\u2019 \u00e9 um desafio.\u201d<\/p>\n<div class='base-coluna'><div class='coluna-terco'><img loading=\"lazy\" decoding=\"async\" width=\"1000\" height=\"1000\" class=\"alignnone size-full wp-image-227\" src=\"https:\/\/caleidosdev.com.br\/junto\/wp-content\/uploads\/2025\/09\/foto-giulia.jpg\" alt=\"\" srcset=\"https:\/\/caleidosdev.com.br\/junto\/wp-content\/uploads\/2025\/09\/foto-giulia.jpg 1000w, https:\/\/caleidosdev.com.br\/junto\/wp-content\/uploads\/2025\/09\/foto-giulia-300x300.jpg 300w, https:\/\/caleidosdev.com.br\/junto\/wp-content\/uploads\/2025\/09\/foto-giulia-150x150.jpg 150w, https:\/\/caleidosdev.com.br\/junto\/wp-content\/uploads\/2025\/09\/foto-giulia-768x768.jpg 768w\" sizes=\"auto, (max-width: 1000px) 100vw, 1000px\" \/><\/div><div class='coluna-cheia'><div class=\"citacao nopessoa\"><p class=\"frase\">Giulia tem 18 anos e mora no Rio de Janeiro. Sempre foi uma pessoa muito curiosa, que adora ci\u00eancia, natureza, artes e pessoas. Ela acredita que o conhecimento \u00e9 a base de sua vida. Aqui est\u00e1 uma frase de que gosta e quer compartilhar: \u201cNa vida, nada deve ser temido, apenas compreendido.\u201d (Marie Curie, cientista polonesa)<\/p><\/div><\/div><\/div>\n<h2>Jo\u00e3o Pedro Campello<\/h2>\n<p>\u201cAcho que uma das maiores dificuldades que os adolescentes enfrentam \u00e9 a transi\u00e7\u00e3o para a vida adulta. Falando do Brasil, dependendo do seu contexto social e econ\u00f4mico, voc\u00ea ou est\u00e1 pouco preparado, ou acaba pulando etapas importantes da juventude no caminho para a vida adulta. \u00c9 preciso amadurecer cedo demais.<\/p>\n<p>Uma coisa que a minha escola tem, e que nem todas t\u00eam, e que considero muito ben\u00e9fica, \u00e9 a comunica\u00e7\u00e3o aberta entre a administra\u00e7\u00e3o e os estudantes. Ter esse espa\u00e7o seguro, como o Gr\u00eamio Estudantil, permite que os alunos se expressem. Nas escolas onde isso n\u00e3o existe, acho que tudo fica ainda mais dif\u00edcil. Por isso considero esse um dos aspectos mais importantes \u2014 ter di\u00e1logo aberto entre a dire\u00e7\u00e3o escolar e os estudantes.\u201d<\/p>\n<div class='base-coluna'><div class='coluna-terco'><img loading=\"lazy\" decoding=\"async\" width=\"1000\" height=\"1000\" class=\"alignnone size-full wp-image-231\" src=\"https:\/\/caleidosdev.com.br\/junto\/wp-content\/uploads\/2025\/09\/foto-joao.jpg\" alt=\"\" srcset=\"https:\/\/caleidosdev.com.br\/junto\/wp-content\/uploads\/2025\/09\/foto-joao.jpg 1000w, https:\/\/caleidosdev.com.br\/junto\/wp-content\/uploads\/2025\/09\/foto-joao-300x300.jpg 300w, https:\/\/caleidosdev.com.br\/junto\/wp-content\/uploads\/2025\/09\/foto-joao-150x150.jpg 150w, https:\/\/caleidosdev.com.br\/junto\/wp-content\/uploads\/2025\/09\/foto-joao-768x768.jpg 768w\" sizes=\"auto, (max-width: 1000px) 100vw, 1000px\" \/><\/div><div class='coluna-cheia'><div class=\"citacao nopessoa\"><p class=\"frase\">Jo\u00e3o Pedro Campello tem 18 anos, \u00e9 brasileiro, toca guitarra em uma banda de rock e estuda Jornalismo na Universidade Federal do Rio de Janeiro.<\/p><\/div><\/div><\/div>\n<h2>Let\u00edcia Vit\u00f3ria<\/h2>\n<p>\u201cAcho que o que torna a sa\u00fade mental t\u00e3o dif\u00edcil para os jovens hoje \u00e9 principalmente a press\u00e3o constante que enfrentamos, especialmente a press\u00e3o acad\u00eamica. Voc\u00ea precisa sempre tirar boas notas e se concentrar em tudo para garantir uma boa carreira, mas as pessoas esquecem que os jovens j\u00e1 vivem sob muita press\u00e3o. Voc\u00ea \u00e9 pressionado em casa, na escola e, para alguns jovens, tamb\u00e9m no trabalho. Penso que uma forma de melhorar isso seria criar mais espa\u00e7os seguros. E, mesmo que a escola \u00e0s vezes possa ser um ambiente t\u00f3xico, ela tamb\u00e9m pode ser uma porta de entrada para a cria\u00e7\u00e3o desses espa\u00e7os seguros para os jovens. Um lugar onde possamos chegar, conversar sobre o que est\u00e1 acontecendo, ser ouvidos e tamb\u00e9m ajudar outras pessoas.\u201d<\/p>\n<div class='base-coluna'><div class='coluna-terco'><img loading=\"lazy\" decoding=\"async\" width=\"1000\" height=\"1000\" class=\"alignnone size-full wp-image-232\" src=\"https:\/\/caleidosdev.com.br\/junto\/wp-content\/uploads\/2025\/09\/foto-leticia.jpg\" alt=\"\" srcset=\"https:\/\/caleidosdev.com.br\/junto\/wp-content\/uploads\/2025\/09\/foto-leticia.jpg 1000w, https:\/\/caleidosdev.com.br\/junto\/wp-content\/uploads\/2025\/09\/foto-leticia-300x300.jpg 300w, https:\/\/caleidosdev.com.br\/junto\/wp-content\/uploads\/2025\/09\/foto-leticia-150x150.jpg 150w, https:\/\/caleidosdev.com.br\/junto\/wp-content\/uploads\/2025\/09\/foto-leticia-768x768.jpg 768w\" sizes=\"auto, (max-width: 1000px) 100vw, 1000px\" \/><\/div><div class='coluna-cheia'><div class=\"citacao nopessoa\"><p class=\"frase\">Let\u00edcia Vit\u00f3ria tem 15 anos e \u00e9 moradora do Complexo do Alem\u00e3o. Ela pratica bal\u00e9 cl\u00e1ssico e tamb\u00e9m gosta de dan\u00e7a contempor\u00e2nea. No tempo livre, gosta de ler livros, especialmente sobre investiga\u00e7\u00f5es ou zumbis.<\/p><\/div><\/div><\/div>\n<p><em>O <strong>Junt\u00f4 &#8211; Iniciativa Brasileira para a Sa\u00fade Mental de Crian\u00e7as e Adolescentes<\/strong> atua em colabora\u00e7\u00e3o com parceiros locais, para ajudar crian\u00e7as e adolescentes a terem acesso a cuidados de sa\u00fade mental de qualidade e baseados em evid\u00eancias, por meio de parcerias colaborativas, engajamento juvenil, programa de aten\u00e7\u00e3o psicossocial nas escolas e treinamentos especializados adaptados \u00e0 realidade cultural.<\/em><\/p>\n","protected":false},"excerpt":{"rendered":"Os desafios de sa\u00fade mental afetam muitos jovens no Brasil, mas a maioria n\u00e3o recebe o cuidado de que precisa. Apesar disso, jovens de todo o pa\u00eds est\u00e3o se manifestando, quebrando estigmas, compartilhando solu\u00e7\u00f5es e pressionando por mudan\u00e7as.","protected":false},"author":1,"featured_media":228,"comment_status":"open","ping_status":"open","sticky":false,"template":"","format":"standard","meta":{"_acf_changed":false,"inline_featured_image":false,"footnotes":""},"categories":[21],"tags":[],"class_list":["post-236","post","type-post","status-publish","format-standard","has-post-thumbnail","hentry","category-nossas-vozes"],"acf":[],"_links":{"self":[{"href":"https:\/\/caleidosdev.com.br\/junto\/wp-json\/wp\/v2\/posts\/236","targetHints":{"allow":["GET"]}}],"collection":[{"href":"https:\/\/caleidosdev.com.br\/junto\/wp-json\/wp\/v2\/posts"}],"about":[{"href":"https:\/\/caleidosdev.com.br\/junto\/wp-json\/wp\/v2\/types\/post"}],"author":[{"embeddable":true,"href":"https:\/\/caleidosdev.com.br\/junto\/wp-json\/wp\/v2\/users\/1"}],"replies":[{"embeddable":true,"href":"https:\/\/caleidosdev.com.br\/junto\/wp-json\/wp\/v2\/comments?post=236"}],"version-history":[{"count":1,"href":"https:\/\/caleidosdev.com.br\/junto\/wp-json\/wp\/v2\/posts\/236\/revisions"}],"predecessor-version":[{"id":237,"href":"https:\/\/caleidosdev.com.br\/junto\/wp-json\/wp\/v2\/posts\/236\/revisions\/237"}],"wp:featuredmedia":[{"embeddable":true,"href":"https:\/\/caleidosdev.com.br\/junto\/wp-json\/wp\/v2\/media\/228"}],"wp:attachment":[{"href":"https:\/\/caleidosdev.com.br\/junto\/wp-json\/wp\/v2\/media?parent=236"}],"wp:term":[{"taxonomy":"category","embeddable":true,"href":"https:\/\/caleidosdev.com.br\/junto\/wp-json\/wp\/v2\/categories?post=236"},{"taxonomy":"post_tag","embeddable":true,"href":"https:\/\/caleidosdev.com.br\/junto\/wp-json\/wp\/v2\/tags?post=236"}],"curies":[{"name":"wp","href":"https:\/\/api.w.org\/{rel}","templated":true}]}}