{"id":225,"date":"2025-09-08T13:35:15","date_gmt":"2025-09-08T13:35:15","guid":{"rendered":"https:\/\/caleidosdev.com.br\/junto\/?p=225"},"modified":"2025-09-08T13:42:48","modified_gmt":"2025-09-08T13:42:48","slug":"our-voices-brazilian-youth-share-stories-of-combating-stigma-self-expression-and-creating-safe-spaces-in-schools","status":"publish","type":"post","link":"https:\/\/caleidosdev.com.br\/junto\/our-voices-brazilian-youth-share-stories-of-combating-stigma-self-expression-and-creating-safe-spaces-in-schools\/","title":{"rendered":"Our Voices: Brazilian youth share stories of combating stigma, self-expression, and creating safe spaces in schools"},"content":{"rendered":"<p>In this blog, you\u2019ll meet some of the inspiring young people we work with. Through their voices and stories, they show how youth leadership can drive meaningful change and help build a future where mental health care is accessible for all.<\/p>\n<h2>Giulia<\/h2>\n<p>\u201cIt&#8217;s always adults who define everything in our lives. Schools are designed by adults, many times not directly thinking about our needs. So, I believe representation is crucial. Young people talking about young people is a matter of understanding. We need to be given space to voice our real needs instead of having them dictated to us \u2014 because if they are simply dictated, they might not actually be met. Having a voice in schools and throughout adolescence, in any social setting, is extremely important to make us feel valued and that our needs truly matter.<\/p>\n<p>I think one of the biggest challenges for young people today is the issue of identity. Identifying with a group, a space, or with people is a topic that, in my reality and from what I observe, is very relevant. I see this a lot in my school environment, in my social life, and in my family, too. Being able to identify with something and say, &#8216;I am part of this&#8217; or &#8216;I relate to this,&#8217; is a challenge.&#8221;<\/p>\n<div class='base-coluna'><div class='coluna-terco'><img loading=\"lazy\" decoding=\"async\" width=\"1000\" height=\"1000\" class=\"alignnone size-full wp-image-227\" src=\"https:\/\/caleidosdev.com.br\/junto\/wp-content\/uploads\/2025\/09\/foto-giulia.jpg\" alt=\"\" srcset=\"https:\/\/caleidosdev.com.br\/junto\/wp-content\/uploads\/2025\/09\/foto-giulia.jpg 1000w, https:\/\/caleidosdev.com.br\/junto\/wp-content\/uploads\/2025\/09\/foto-giulia-300x300.jpg 300w, https:\/\/caleidosdev.com.br\/junto\/wp-content\/uploads\/2025\/09\/foto-giulia-150x150.jpg 150w, https:\/\/caleidosdev.com.br\/junto\/wp-content\/uploads\/2025\/09\/foto-giulia-768x768.jpg 768w\" sizes=\"auto, (max-width: 1000px) 100vw, 1000px\" \/><\/div><div class='coluna-cheia'><div class=\"citacao nopessoa\"><p class=\"frase\">Giulia is an 18-year-old who lives in Rio de Janeiro. She has always been a very curious person who loves science, nature, arts, and people. She believes knowledge is the foundation of her life. Here\u2019s a quote she enjoys and would like to share: \"In life, there is nothing to fear, only to understand.\" (Marie Curie, Polish scientist)<\/p><\/div><\/div><\/div>\n<h2>Jo\u00e3o Pedro Campello<\/h2>\n<p>&#8220;I think one of the biggest difficulties teenagers suffer is the transition to adulthood. Speaking about Brazil, depending on your social and economic background, you are either barely prepared, or skipping important stages of youth on the way to adulthood. You have to be very mature too soon.<\/p>\n<p>One thing my school has, which not all schools do, and which I think is very beneficial, is open communication between the administration and students. Having this safe space, like the Student Council at my school, allows students to express themselves. In schools where this doesn\u2019t exist, I think it makes things even harder. So, this is one of the most important aspects \u2014 having open dialogue between school leadership and students.&#8221;<\/p>\n<div class='base-coluna'><div class='coluna-terco'><img loading=\"lazy\" decoding=\"async\" width=\"1000\" height=\"1000\" class=\"alignnone size-full wp-image-231\" src=\"https:\/\/caleidosdev.com.br\/junto\/wp-content\/uploads\/2025\/09\/foto-joao.jpg\" alt=\"\" srcset=\"https:\/\/caleidosdev.com.br\/junto\/wp-content\/uploads\/2025\/09\/foto-joao.jpg 1000w, https:\/\/caleidosdev.com.br\/junto\/wp-content\/uploads\/2025\/09\/foto-joao-300x300.jpg 300w, https:\/\/caleidosdev.com.br\/junto\/wp-content\/uploads\/2025\/09\/foto-joao-150x150.jpg 150w, https:\/\/caleidosdev.com.br\/junto\/wp-content\/uploads\/2025\/09\/foto-joao-768x768.jpg 768w\" sizes=\"auto, (max-width: 1000px) 100vw, 1000px\" \/><\/div><div class='coluna-cheia'><div class=\"citacao nopessoa\"><p class=\"frase\">Jo\u00e3o Pedro Campello is an 18-year-old from Brazil, who plays guitar in a rock band while studying Journalism at the Federal University of Rio de Janeiro.<\/p><\/div><\/div><\/div>\n<h2>Let\u00edcia Vit\u00f3ria<\/h2>\n<p>&#8220;I think what makes mental health so difficult for young people today is mainly the constant pressure we face, especially academic pressure. You always have to get good grades and focus on everything to secure a good career, but people forget that young people are already under a lot of pressure. You\u2019re pressured at home, at school, and for some young people, also at work. I think a way to improve this would be to create more safe spaces. And even though school can sometimes be a toxic environment, it can also be a gateway to creating these safe spaces for young people. A place where we can come in, talk about what\u2019s going on, be heard, and help other people, too.&#8221;<\/p>\n<div class='base-coluna'><div class='coluna-terco'><img loading=\"lazy\" decoding=\"async\" width=\"1000\" height=\"1000\" class=\"alignnone size-full wp-image-232\" src=\"https:\/\/caleidosdev.com.br\/junto\/wp-content\/uploads\/2025\/09\/foto-leticia.jpg\" alt=\"\" srcset=\"https:\/\/caleidosdev.com.br\/junto\/wp-content\/uploads\/2025\/09\/foto-leticia.jpg 1000w, https:\/\/caleidosdev.com.br\/junto\/wp-content\/uploads\/2025\/09\/foto-leticia-300x300.jpg 300w, https:\/\/caleidosdev.com.br\/junto\/wp-content\/uploads\/2025\/09\/foto-leticia-150x150.jpg 150w, https:\/\/caleidosdev.com.br\/junto\/wp-content\/uploads\/2025\/09\/foto-leticia-768x768.jpg 768w\" sizes=\"auto, (max-width: 1000px) 100vw, 1000px\" \/><\/div><div class='coluna-cheia'><div class=\"citacao nopessoa\"><p class=\"frase\">Let\u00edcia Vit\u00f3ria is a 15-year-old from the Complexo do Alem\u00e3o. She practices classical ballet and also enjoys contemporary dance. In her free time, she likes to read books, especially ones about investigations or zombies.<\/p><\/div><\/div><\/div>\n<p><em>The Child and Adolescent Mental Health initiative (CAMHI) is working in Brazil, in collaboration with local partners, to help children and adolescents access evidence-based, quality mental health support through collaborative partnerships, youth engagement, psychosocial support program for school community professionals, and culturally adapted expert training.<\/em><\/p>\n","protected":false},"excerpt":{"rendered":"Mental health challenges affect many young people in Brazil, yet most don\u2019t receive the care they need. Despite this, youth across the country are speaking up, breaking stigma, sharing solutions, and pushing for change.","protected":false},"author":1,"featured_media":228,"comment_status":"open","ping_status":"open","sticky":false,"template":"","format":"standard","meta":{"_acf_changed":false,"inline_featured_image":false,"footnotes":""},"categories":[6],"tags":[],"class_list":["post-225","post","type-post","status-publish","format-standard","has-post-thumbnail","hentry","category-our-voices"],"acf":[],"_links":{"self":[{"href":"https:\/\/caleidosdev.com.br\/junto\/wp-json\/wp\/v2\/posts\/225","targetHints":{"allow":["GET"]}}],"collection":[{"href":"https:\/\/caleidosdev.com.br\/junto\/wp-json\/wp\/v2\/posts"}],"about":[{"href":"https:\/\/caleidosdev.com.br\/junto\/wp-json\/wp\/v2\/types\/post"}],"author":[{"embeddable":true,"href":"https:\/\/caleidosdev.com.br\/junto\/wp-json\/wp\/v2\/users\/1"}],"replies":[{"embeddable":true,"href":"https:\/\/caleidosdev.com.br\/junto\/wp-json\/wp\/v2\/comments?post=225"}],"version-history":[{"count":5,"href":"https:\/\/caleidosdev.com.br\/junto\/wp-json\/wp\/v2\/posts\/225\/revisions"}],"predecessor-version":[{"id":235,"href":"https:\/\/caleidosdev.com.br\/junto\/wp-json\/wp\/v2\/posts\/225\/revisions\/235"}],"wp:featuredmedia":[{"embeddable":true,"href":"https:\/\/caleidosdev.com.br\/junto\/wp-json\/wp\/v2\/media\/228"}],"wp:attachment":[{"href":"https:\/\/caleidosdev.com.br\/junto\/wp-json\/wp\/v2\/media?parent=225"}],"wp:term":[{"taxonomy":"category","embeddable":true,"href":"https:\/\/caleidosdev.com.br\/junto\/wp-json\/wp\/v2\/categories?post=225"},{"taxonomy":"post_tag","embeddable":true,"href":"https:\/\/caleidosdev.com.br\/junto\/wp-json\/wp\/v2\/tags?post=225"}],"curies":[{"name":"wp","href":"https:\/\/api.w.org\/{rel}","templated":true}]}}