{"id":213,"date":"2025-09-08T12:33:12","date_gmt":"2025-09-08T12:33:12","guid":{"rendered":"https:\/\/caleidosdev.com.br\/junto\/?p=213"},"modified":"2025-09-08T12:33:12","modified_gmt":"2025-09-08T12:33:12","slug":"vozes-jovens-ocupam-espaco-no-congresso","status":"publish","type":"post","link":"https:\/\/caleidosdev.com.br\/junto\/pt\/vozes-jovens-ocupam-espaco-no-congresso\/","title":{"rendered":"Vozes jovens ocupam espa\u00e7o no Congresso"},"content":{"rendered":"<p><strong>Bras\u00edlia<\/strong> \u2013 Os jovens t\u00eam capacidade de promover transforma\u00e7\u00f5es profundas em suas comunidades. Quando t\u00eam oportunidade, podem exercer papel ativo nos debates sobre os temas que mais impactam suas vidas. Essa foi a principal mensagem das discuss\u00f5es realizadas em 12 de agosto na C\u00e2mara dos Deputados, durante o Dia Internacional da Juventude, organizadas pelo Global Center da Stavros Niarchos Foundation (SNF) para a Sa\u00fade Mental de Crian\u00e7as e Adolescentes no Child Mind Institute, por meio da iniciativa local Junt\u00f4, em parceria com a Frente Parlamentar Mista para a Promo\u00e7\u00e3o da Sa\u00fade Mental, a Secretaria da Primeira Inf\u00e2ncia, Inf\u00e2ncia, Adolesc\u00eancia e Juventude da C\u00e2mara dos Deputados e o Instituto de Estudos para Pol\u00edticas de Sa\u00fade (IEPS).<\/p>\n<p>A primeira mesa-redonda do evento, \u201cA Pol\u00edtica Nacional de Juventude em Di\u00e1logo com o Parlamento\u201d, analisou a legisla\u00e7\u00e3o vigente sobre juventude no Brasil e a interse\u00e7\u00e3o entre sa\u00fade mental, inclus\u00e3o e sustentabilidade ambiental. A sess\u00e3o de encerramento, intitulada \u201cSa\u00fade Mental da Juventude em Perspectiva\u201d, reuniu jovens defensores, profissionais de sa\u00fade e lideran\u00e7as comunit\u00e1rias, com foco em iniciativas conduzidas por jovens no campo da sa\u00fade mental.<\/p>\n<p>\u201cOs jovens podem e devem ter assento na mesa de tomada de decis\u00f5es. E, para que nossa contribui\u00e7\u00e3o seja significativa, \u00e9 preciso ouvir quem est\u00e1 na linha de frente; precisamos ser ousados o suficiente para reivindicar nosso espa\u00e7o e humildes o bastante para reconhecer que n\u00f3s, jovens, sempre podemos aprender mais\u201d, afirmou Ana Beatriz Ara\u00fajo, do conselho Junt\u00f4 Jovem, que moderou a mesa-redonda sobre o papel do bem-estar mental na pol\u00edtica nacional de juventude. Em sua fala, destacou que, apesar dos desafios, a juventude continua a abrir novos caminhos para a transforma\u00e7\u00e3o.<\/p>\n<p>O Junt\u00f4 Jovem, vinculado ao Global Center da SNF, \u00e9 um grupo de jovens brasileiros defensores da causa, representando todas as regi\u00f5es do pa\u00eds. Seu foco est\u00e1 em a\u00e7\u00e3o comunit\u00e1ria, di\u00e1logo, incid\u00eancia pol\u00edtica e pesquisa, com o objetivo de inspirar a atua\u00e7\u00e3o governamental e a mudan\u00e7a de comportamento.<\/p>\n<blockquote><p>\u201cO que me move \u00e9 a busca por maneiras de proteger melhor a sa\u00fade mental de crian\u00e7as e jovens do Brasil. Nosso conselho traz estudantes de escolas p\u00fablicas de todas as regi\u00f5es do pa\u00eds para dentro das discuss\u00f5es pol\u00edticas, levando a sala de aula para o Congresso e vendo ideias lideradas pela juventude inspirarem mudan\u00e7as reais\u201d, disse Ara\u00fajo.<\/p><\/blockquote>\n<p>\u201cJovens com transtornos de sa\u00fade mental devem receber a mesma aten\u00e7\u00e3o que aqueles com c\u00e2ncer \u2014 sa\u00fade mental n\u00e3o \u00e9 frescura\u201d, afirmou a deputada Tabata Amaral, ressaltando a necessidade urgente de mais psic\u00f3logos nas escolas e de maior equidade no acesso ao cuidado.<\/p>\n<p>Dois artigos importantes publicados na Stanford Social Innovation Review Brasil tamb\u00e9m foram lan\u00e7ados durante o evento. O primeiro foi produzido pelo IEPS e o segundo, coassinado por especialistas do Global Center da SNF no Child Mind Institute, trazendo novas evid\u00eancias sobre como apoiar melhor a sa\u00fade mental de crian\u00e7as e adolescentes no ambiente escolar. A equipe de especialistas inclui Giovanni Abrah\u00e3o Salum, MD, PhD (vice-presidente s\u00eanior de Programas Globais), Carolina Martins Costa, MS (gerente nacional do Brasil), Julia Sch\u00e4fer, PhD (gerente de Programas de Interven\u00e7\u00f5es Cl\u00ednicas e Psicossociais) e Caio Casella (analista de dados cl\u00ednicos).<\/p>\n<p>Eduardo Vasconcelos, diretor de Engajamento Juvenil do Global Center, destacou o \u201cboom da produ\u00e7\u00e3o cient\u00edfica em sa\u00fade mental desde 2010\u201d, mas apontou que os dados ainda n\u00e3o s\u00e3o produzidos com participa\u00e7\u00e3o da juventude. Ele insistiu: \u201c\u00c9 necess\u00e1rio incorporar as vozes dos jovens no processo de produ\u00e7\u00e3o cient\u00edfica sobre sa\u00fade mental.\u201d<\/p>\n<h4>Sobre o Global Center da Stavros Niarchos Foundation (SNF) para a Sa\u00fade Mental de Crian\u00e7as e Adolescentes no Child Mind Institute<\/h4>\n<p>O Global Center re\u00fane a expertise do Child Mind Institute, organiza\u00e7\u00e3o independente sem fins lucrativos l\u00edder em sa\u00fade mental infantil, e o profundo compromisso da Stavros Niarchos Foundation (SNF) em apoiar projetos colaborativos para ampliar o acesso a cuidados de sa\u00fade de qualidade em todo o mundo. O Global Center constr\u00f3i parcerias para impulsionar avan\u00e7os em \u00e1reas pouco pesquisadas da sa\u00fade mental de crian\u00e7as e adolescentes e expandir o acesso a capacita\u00e7\u00e3o, recursos e tratamentos culturalmente adaptados em pa\u00edses de renda baixa e m\u00e9dia. Esse trabalho \u00e9 conduzido pelo Child Mind Institute com apoio da SNF por meio de sua Global Health Initiative (GHI).<\/p>\n<h4>Sobre o Instituto de Estudos para Pol\u00edticas de Sa\u00fade (IEPS)<\/h4>\n<p>O Instituto de Estudos para Pol\u00edticas de Sa\u00fade (IEPS) \u00e9 uma organiza\u00e7\u00e3o sem fins lucrativos que busca contribuir para a melhoria das pol\u00edticas p\u00fablicas de sa\u00fade no Brasil.<\/p>\n<h4>Sobre o Junt\u00f4<\/h4>\n<p>O Junt\u00f4 \u2013 Iniciativa Brasileira para a Sa\u00fade Mental de Crian\u00e7as e Adolescentes \u00e9 dedicado a fortalecer os sistemas de sa\u00fade mental voltados para a popula\u00e7\u00e3o infanto-juvenil e a melhorar resultados por meio de capacita\u00e7\u00e3o, amplia\u00e7\u00e3o do acesso ao cuidado e solu\u00e7\u00f5es baseadas em evid\u00eancias. A iniciativa lidera e apoia parcerias interculturais e promove solu\u00e7\u00f5es conduzidas pelos pr\u00f3prios jovens. O Junt\u00f4 conta com o apoio da Stavros Niarchos Foundation (SNF), no \u00e2mbito de sua Global Health Initiative (GHI), em colabora\u00e7\u00e3o com o Child Mind Institute (CMI).<\/p>\n","protected":false},"excerpt":{"rendered":"Jovens impulsionam mudan\u00e7as em suas comunidades na \u00e1rea de sa\u00fade mental","protected":false},"author":1,"featured_media":214,"comment_status":"open","ping_status":"open","sticky":false,"template":"","format":"standard","meta":{"_acf_changed":false,"inline_featured_image":false,"footnotes":""},"categories":[23],"tags":[],"class_list":["post-213","post","type-post","status-publish","format-standard","has-post-thumbnail","hentry","category-press-releases-pt"],"acf":[],"_links":{"self":[{"href":"https:\/\/caleidosdev.com.br\/junto\/wp-json\/wp\/v2\/posts\/213","targetHints":{"allow":["GET"]}}],"collection":[{"href":"https:\/\/caleidosdev.com.br\/junto\/wp-json\/wp\/v2\/posts"}],"about":[{"href":"https:\/\/caleidosdev.com.br\/junto\/wp-json\/wp\/v2\/types\/post"}],"author":[{"embeddable":true,"href":"https:\/\/caleidosdev.com.br\/junto\/wp-json\/wp\/v2\/users\/1"}],"replies":[{"embeddable":true,"href":"https:\/\/caleidosdev.com.br\/junto\/wp-json\/wp\/v2\/comments?post=213"}],"version-history":[{"count":1,"href":"https:\/\/caleidosdev.com.br\/junto\/wp-json\/wp\/v2\/posts\/213\/revisions"}],"predecessor-version":[{"id":215,"href":"https:\/\/caleidosdev.com.br\/junto\/wp-json\/wp\/v2\/posts\/213\/revisions\/215"}],"wp:featuredmedia":[{"embeddable":true,"href":"https:\/\/caleidosdev.com.br\/junto\/wp-json\/wp\/v2\/media\/214"}],"wp:attachment":[{"href":"https:\/\/caleidosdev.com.br\/junto\/wp-json\/wp\/v2\/media?parent=213"}],"wp:term":[{"taxonomy":"category","embeddable":true,"href":"https:\/\/caleidosdev.com.br\/junto\/wp-json\/wp\/v2\/categories?post=213"},{"taxonomy":"post_tag","embeddable":true,"href":"https:\/\/caleidosdev.com.br\/junto\/wp-json\/wp\/v2\/tags?post=213"}],"curies":[{"name":"wp","href":"https:\/\/api.w.org\/{rel}","templated":true}]}}